{"id":1577,"global_id":"spc-fundamentalaikido.fr?id=1577","global_id_lineage":["spc-fundamentalaikido.fr?id=1577"],"author":"3","status":"publish","date":"2026-01-11 12:39:53","date_utc":"2026-01-11 11:39:53","modified":"2026-01-11 13:01:44","modified_utc":"2026-01-11 12:01:44","url":"https:\/\/spc-fundamentalaikido.fr\/?tribe_events=stage-international-ulf-evena","rest_url":"https:\/\/spc-fundamentalaikido.fr\/index.php?rest_route=\/tribe\/events\/v1\/events\/1577","title":"Stage international &#8211; ULF EVENA","description":"<div class=\"tribe-events-schedule tribe-clearfix\">\n\t<h2 class=\"tribe-events-schedule__datetime\">\n\t\t<span class=\"tribe-events-schedule__date tribe-events-schedule__date--start\">\n\t\t\t\t\t<\/span>\n\n\t\t\t\t\t<span class=\"tribe-events-schedule__separator tribe-events-schedule__separator--date\">\n\t\t\t\t @ \t\t\t<\/span>\n\t\t\t<span class=\"tribe-events-schedule__time tribe-events-schedule__time--start\">\n\t\t\t\t\t\t\t<\/span>\n\t\t\n\t\t\t<\/h2>\n<\/div>\n\n\n\n<p>Ulf Evenas est Shihan 8e dan de l&rsquo;Aikikai. Il est l&rsquo;un des instructeurs d&rsquo;Aikido les plus grad\u00e9s et les plus exp\u00e9riment\u00e9s au monde, ayant anim\u00e9 plus de 800 stages \u00e0 travers le monde. Ulf-sensei a commenc\u00e9 la pratique de l&rsquo;Aikido en 1968 et celle de l&rsquo;Iwama Takemusu Aikido un an plus tard. En 1973, il est devenu l&rsquo;un des premiers uchideshi de longue dur\u00e9e aupr\u00e8s de Morihiro Saito Shihan, passant six mois \u00e0 iwama. Il y est retourn\u00e9 pour une p\u00e9riode prolong\u00e9e en 1977 et y est ensuite revenu r\u00e9guli\u00e8rement pour des s\u00e9jours plus ou moins longs en tant qu&rsquo;uchideshi.<\/p>\n\n\n\n<p>Pendant 29 ans, il a \u00e9t\u00e9 l&rsquo;un des \u00e9l\u00e8ves les plus proches de Morihiro Saito Sensei. En 1992, il a \u00e9t\u00e9 nomm\u00e9 Shihan en Iwama Takemusu Aikido et repr\u00e9sentant personnel de Saito Sensei. En 2001, il a \u00e9t\u00e9 promu 7e dan en Iwama Takemusu Aikido. Il a \u00e9galement re\u00e7u la certification compl\u00e8te d&rsquo;enseignement en Bukiwaza (5e niveau Mokuroku), d\u00e9cern\u00e9e directement par Morihiro Saito Shihan. En 2007, Ulf-sensei a \u00e9t\u00e9 nomm\u00e9 Shihan de l&rsquo;Aikikai directement par le Doshu Moriteru Ueshiba et en 2025, il a \u00e9t\u00e9 promu 8e dan Aikikai. <\/p>\n\n\n\n<p>La F\u00e9d\u00e9ration Internationale d&rsquo;Aikido (IAF) confie \u00e0 Ulf-sensei l&rsquo;enseignement et les d\u00e9monstrations lors d&rsquo;\u00e9v\u00e9nements majeurs, tels que les Jeux Mondiaux des Sports de Combat et les Congr\u00e8s de l&rsquo;IAF. En octobre 2024, il \u00e9tait l&rsquo;un des quatre enseignants occidentaux pr\u00e9sents au Sommet de l&rsquo;IAF \u00e0 Tokyo. <\/p>\n\n\n\n<h2>Programme<\/h2>\n\n\n\n<h3>Samedi<\/h3>\n\n\n\n<ul><li>9h45-10h : pr\u00e9sentation<\/li><li>10h-11h: Aiki-ken (sabre)<\/li><li>11h15-12h15: Tai Jutsu (mains nues)<\/li><li>15h30-16h30: Aiki-Jo (b\u00e2ton)<\/li><li>16h45-17h45: Tai Jutsu (mains nues)<\/li><li>19:30 Repas (informations \u00e0 venir)<\/li><\/ul>\n\n\n\n<h3>Dimanche<\/h3>\n\n\n\n<ul><li>9:30-10:30 Bukiwaza (armes)<\/li><li>10:45-11:45 Tai jutsu (mains nues)<\/li><li>13:30-14:30 Bukiwaza (armes)14:45-15:45 TaiJutsu (mains nues) <\/li><\/ul>\n\n\n\n<h2>Tarifs<\/h2>\n\n\n\n<ul><li>\u00bd journ\u00e9e\/Half-day 30\u20ac<\/li><li>1 journ\u00e9e\/Full-Day 60\u20ac<\/li><li>Stage complet\/Full Seminar 100\u20ac<\/li><li>Inscription sur <a href=\"https:\/\/www.helloasso.com\/associations\/iwama-takemusu-aikido-fondamental-aiki-dojo-iwama-koryu-kawasemi-juku\/evenements\/registration-for-ulf-evanas-shihan-seminar\" target=\"_blank\" rel=\"noreferrer noopener\">HelloAsso<\/a>  <\/li><\/ul>\n\n\n\n<h2>Lieu<\/h2>\n\n\n\n<p>Dojo de Retiers<br>Complexe Sportif Pierre de Coubertin<br>Rue Anatole le Braz (parking du coll\u00e8ge)<br>35240 Retiers; Bretagne, France<br><\/p>\n\n\n\n\n<div class=\"tribe-block tribe-block__venue \">\n\t\n\t\t\n\t<\/div>\n\n\n\n\n\n<figure class=\"wp-block-image size-large\"><img loading=\"lazy\" width=\"724\" height=\"1024\" src=\"https:\/\/spc-fundamentalaikido.fr\/wp-content\/uploads\/2026\/01\/1-724x1024.jpg\" alt=\"\" class=\"wp-image-1581\" srcset=\"https:\/\/spc-fundamentalaikido.fr\/wp-content\/uploads\/2026\/01\/1-724x1024.jpg 724w, https:\/\/spc-fundamentalaikido.fr\/wp-content\/uploads\/2026\/01\/1-212x300.jpg 212w, https:\/\/spc-fundamentalaikido.fr\/wp-content\/uploads\/2026\/01\/1-768x1086.jpg 768w, https:\/\/spc-fundamentalaikido.fr\/wp-content\/uploads\/2026\/01\/1-1086x1536.jpg 1086w, https:\/\/spc-fundamentalaikido.fr\/wp-content\/uploads\/2026\/01\/1.jpg 1414w\" sizes=\"(max-width: 724px) 100vw, 724px\" \/><\/figure>\n\n\n\t<div class=\"tribe-block tribe-block__events-link\">\n\t\t\t\t\t<div class=\"tribe-block__btn--link tribe-block__events-gcal\">\n\t\t\t\t<a\n\t\t\t\t\thref=\"\"\n\t\t\t\t\ttitle=\"Ajouter \u00e0 Google Agenda\"\n\t\t\t\t>\n\t\t\t\t\t<img src=\"https:\/\/spc-fundamentalaikido.fr\/wp-content\/plugins\/the-events-calendar\/common\/src\/modules\/icons\/link.svg\" \/>\n\t\t\t\t\tGoogle Agenda\t\t\t\t<\/a>\n\t\t\t<\/div>\n\t\t\t\t\t\t\t<div class=\"tribe-block__btn--link tribe-block__-events-ical\">\n\t\t\t\t<a\n\t\t\t\t\thref=\"?ical=1\"\n\t\t\t\t\ttitle=\"T\u00e9l\u00e9charger le fichier .ics\"\n\t\t\t\t>\n\t\t\t\t\t<img src=\"https:\/\/spc-fundamentalaikido.fr\/wp-content\/plugins\/the-events-calendar\/common\/src\/modules\/icons\/link.svg\" \/>\n\t\t\t\t\tExporter vers iCal\t\t\t\t<\/a>\n\t\t\t<\/div>\n\t\t\t<\/div>\n\n\n\n\n<p><\/p>","excerpt":"","slug":"stage-international-ulf-evena","image":false,"all_day":false,"start_date":"2026-02-07 10:00:00","start_date_details":{"year":"2026","month":"02","day":"07","hour":"10","minutes":"00","seconds":"00"},"end_date":"2026-02-08 16:00:00","end_date_details":{"year":"2026","month":"02","day":"08","hour":"16","minutes":"00","seconds":"00"},"utc_start_date":"2026-02-07 09:00:00","utc_start_date_details":{"year":"2026","month":"02","day":"07","hour":"09","minutes":"00","seconds":"00"},"utc_end_date":"2026-02-08 15:00:00","utc_end_date_details":{"year":"2026","month":"02","day":"08","hour":"15","minutes":"00","seconds":"00"},"timezone":"Europe\/Paris","timezone_abbr":"","cost":"100\u20ac","cost_details":{"currency_symbol":"\u20ac","currency_position":"suffix","values":["100"]},"website":"","show_map":true,"show_map_link":true,"hide_from_listings":false,"sticky":false,"featured":false,"categories":[{"name":"Stage","slug":"stage","term_group":0,"term_taxonomy_id":14,"taxonomy":"tribe_events_cat","description":"","parent":0,"count":7,"filter":"raw","id":14,"urls":{"self":"https:\/\/spc-fundamentalaikido.fr\/index.php?rest_route=\/tribe\/events\/v1\/categories\/14","collection":"https:\/\/spc-fundamentalaikido.fr\/index.php?rest_route=\/tribe\/events\/v1\/categories"}}],"tags":[{"name":"Stage","slug":"stage","term_group":0,"term_taxonomy_id":9,"taxonomy":"post_tag","description":"","parent":0,"count":1,"filter":"raw","id":9,"urls":{"self":"https:\/\/spc-fundamentalaikido.fr\/index.php?rest_route=\/tribe\/events\/v1\/tags\/9","collection":"https:\/\/spc-fundamentalaikido.fr\/index.php?rest_route=\/tribe\/events\/v1\/tags"}}],"venue":{"id":1579,"author":"3","status":"publish","date":"2026-01-11 12:39:53","date_utc":"2026-01-11 11:39:53","modified":"2026-01-11 12:39:53","modified_utc":"2026-01-11 11:39:53","url":"https:\/\/spc-fundamentalaikido.fr\/?tribe_venue=complexe-sportif-pierre-de-coubertin","venue":"Complexe Sportif Pierre de Coubertin","slug":"complexe-sportif-pierre-de-coubertin","address":"Rue Anatole le Braz (parking du coll\u00e8ge)","city":"35240","country":"France","zip":"35240","json_ld":{"@type":"Place","name":"Complexe Sportif Pierre de Coubertin","description":"","url":"","address":{"@type":"PostalAddress","streetAddress":"Rue Anatole le Braz (parking du coll\u00e8ge)","addressLocality":"35240","postalCode":"35240","addressCountry":"France"},"telephone":"","sameAs":""},"show_map":true,"show_map_link":true,"global_id":"spc-fundamentalaikido.fr?id=1579","global_id_lineage":["spc-fundamentalaikido.fr?id=1579"]},"organizer":[],"json_ld":{"@context":"http:\/\/schema.org","@type":"Event","name":"Stage international &#8211; ULF EVENA","description":"&lt;p&gt;Ulf Evenas est Shihan 8e dan de l\\'Aikikai. Il est l\\'un des instructeurs d\\'Aikido les plus grad\u00e9s et les plus exp\u00e9riment\u00e9s au monde, ayant anim\u00e9 plus de 800 stages \u00e0&hellip;&lt;\/p&gt;\\n","url":"https:\/\/spc-fundamentalaikido.fr\/?tribe_events=stage-international-ulf-evena","startDate":"2026-02-07T10:00:00+01:00","endDate":"2026-02-08T16:00:00+01:00","location":{"@type":"Place","name":"Complexe Sportif Pierre de Coubertin","description":"","url":"","address":{"@type":"PostalAddress","streetAddress":"Rue Anatole le Braz (parking du coll\u00e8ge)","addressLocality":"35240","postalCode":"35240","addressCountry":"France"},"telephone":"","sameAs":""},"offers":{"@type":"Offer","price":"100","priceCurrency":"\u20ac","url":"https:\/\/spc-fundamentalaikido.fr\/?tribe_events=stage-international-ulf-evena","category":"primary","availability":"inStock","validFrom":"1970-01-01T00:00:00+00:00"},"performer":"Organization"}}