{"id":1,"date":"2020-11-01T20:48:06","date_gmt":"2020-11-01T19:48:06","guid":{"rendered":"http:\/\/127.0.0.1:8086\/?p=1"},"modified":"2022-09-02T17:31:32","modified_gmt":"2022-09-02T15:31:32","slug":"bonjour-tout-le-monde","status":"publish","type":"post","link":"https:\/\/spc-fundamentalaikido.fr\/?p=1","title":{"rendered":"Bonjour et bienvenu\u00a0sur notre tout nouveau site web!"},"content":{"rendered":"\n<p>Notre site web change de visage mais les contenus sont toujours l\u00e0, et m\u00eame davantage encore&#8230; Une galerie photo vient s&rsquo;ajouter ainsi qu&rsquo;un calendrier avec l&rsquo;ensemble de nos \u00e9v\u00e9nements et ceux de nos chers dojos amis.<\/p>\n\n\n\n<p>Vous trouverez l&rsquo;ensemble des informations relatives \u00e0 nos cours ou \u00e0 notre activit\u00e9 sur les diff\u00e9rentes pages de ce site. Si vous souhaitez nous contacter, n&rsquo;h\u00e9sitez pas \u00e0 vous rendre sur la page de contact.<\/p>\n\n\n\n<p>Bonne visite et \u00e0 tr\u00e8s bient\u00f4t !<\/p>\n","protected":false},"excerpt":{"rendered":"<p>Notre site web change de visage mais les contenus sont toujours l\u00e0, et m\u00eame davantage encore&#8230; Une galerie photo vient s&rsquo;ajouter ainsi qu&rsquo;un calendrier avec l&rsquo;ensemble de nos \u00e9v\u00e9nements et&hellip;<\/p>\n","protected":false},"author":1,"featured_media":0,"comment_status":"closed","ping_status":"closed","sticky":false,"template":"","format":"standard","meta":{"_EventAllDay":false,"_EventTimezone":"","_EventStartDate":"","_EventEndDate":"","_EventStartDateUTC":"","_EventEndDateUTC":"","_EventShowMap":false,"_EventShowMapLink":false,"_EventURL":"","_EventCost":"","_EventCostDescription":"","_EventCurrencySymbol":"","_EventCurrencyPosition":"","_EventDateTimeSeparator":"","_EventTimeRangeSeparator":"","_EventOrganizerID":[],"_EventVenueID":0,"_OrganizerEmail":"","_OrganizerPhone":"","_OrganizerWebsite":"","_VenueAddress":"","_VenueCity":"","_VenueCountry":"","_VenueProvince":"","_VenueZip":"","_VenuePhone":"","_VenueURL":"","_VenueStateProvince":"","_VenueLat":"","_VenueLng":""},"categories":[3],"tags":[8],"_links":{"self":[{"href":"https:\/\/spc-fundamentalaikido.fr\/index.php?rest_route=\/wp\/v2\/posts\/1"}],"collection":[{"href":"https:\/\/spc-fundamentalaikido.fr\/index.php?rest_route=\/wp\/v2\/posts"}],"about":[{"href":"https:\/\/spc-fundamentalaikido.fr\/index.php?rest_route=\/wp\/v2\/types\/post"}],"author":[{"embeddable":true,"href":"https:\/\/spc-fundamentalaikido.fr\/index.php?rest_route=\/wp\/v2\/users\/1"}],"replies":[{"embeddable":true,"href":"https:\/\/spc-fundamentalaikido.fr\/index.php?rest_route=%2Fwp%2Fv2%2Fcomments&post=1"}],"version-history":[{"count":2,"href":"https:\/\/spc-fundamentalaikido.fr\/index.php?rest_route=\/wp\/v2\/posts\/1\/revisions"}],"predecessor-version":[{"id":75,"href":"https:\/\/spc-fundamentalaikido.fr\/index.php?rest_route=\/wp\/v2\/posts\/1\/revisions\/75"}],"wp:attachment":[{"href":"https:\/\/spc-fundamentalaikido.fr\/index.php?rest_route=%2Fwp%2Fv2%2Fmedia&parent=1"}],"wp:term":[{"taxonomy":"category","embeddable":true,"href":"https:\/\/spc-fundamentalaikido.fr\/index.php?rest_route=%2Fwp%2Fv2%2Fcategories&post=1"},{"taxonomy":"post_tag","embeddable":true,"href":"https:\/\/spc-fundamentalaikido.fr\/index.php?rest_route=%2Fwp%2Fv2%2Ftags&post=1"}],"curies":[{"name":"wp","href":"https:\/\/api.w.org\/{rel}","templated":true}]}}