{"id":275,"date":"2022-07-04T18:27:45","date_gmt":"2022-07-04T16:27:45","guid":{"rendered":"http:\/\/spc-fundamentalaikido.fr\/?p=275"},"modified":"2023-09-02T00:17:13","modified_gmt":"2023-09-01T22:17:13","slug":"saison-2022-2023","status":"publish","type":"post","link":"https:\/\/spc-fundamentalaikido.fr\/?p=275","title":{"rendered":"Saison 2022\/2023"},"content":{"rendered":"\n<p>La saison 2021\/2022 s\u2019est termin\u00e9e en beaut\u00e9 avec de nombreux nouveaux grades pass\u00e9s avec succ\u00e8s! Bravo et merci \u00e0 tous nos adh\u00e9rents!<\/p>\n\n\n\n<p>Les cours reprennent mardi 6 septembre 2022 \u00e0 la salle multi-sports Camille Bert de <a rel=\"noreferrer noopener\" href=\"https:\/\/goo.gl\/maps\/kVp5LxKBpr62ANoi7\" target=\"_blank\">Saint-Pierre-de-Plesguen<\/a> et vendredi 9 septembre \u00e0 l\u2019espace sportif communal du Ch\u00e2tel \u00e0 <a rel=\"noreferrer noopener\" href=\"https:\/\/goo.gl\/maps\/GtmH8G3KMGKHsWi97\" target=\"_blank\">Combourg<\/a>. Les horaires pr\u00e9vus sont les suivants (hors des vacances scolaires):<\/p>\n\n\n\n<p><strong>Cours enfants<\/strong> (\u00e0 partir de 7 ans):<\/p>\n\n\n\n<ul><li>Saint-Pierre-de-Plesguen: le mardi de 18h15 \u00e0 19h15<\/li><li>Combourg: le vendredi de 18h15 \u00e0 19h30<\/li><\/ul>\n\n\n\n<p><strong>Cours adultes<\/strong> (\u00e0 partir de 14 ans ou du grade de 5\u00e8me kyu):<\/p>\n\n\n\n<ul><li>Saint-Pierre-de-Plesguen: le mardi de 19h30 \u00e0 21h00 (\u00e9chauffement libre \u00e0 partir de 19h15)<\/li><li>Combourg: le vendredi de <strong>19h45 <\/strong>\u00e0 22h00 (\u00e9chauffement libre \u00e0 partir de 19h30)<\/li><\/ul>\n\n\n\n<p>N\u2019h\u00e9sitez pas \u00e0 venir participer \u00e0 <strong>2 cours d\u2019essai<\/strong>: il suffit de pr\u00e9voir un t-shirt, un pantalon de jogging, et id\u00e9alement une paire de sandales ou de tongs pour aller des vestiaires au tapis.<\/p>\n\n\n\n<p>Les tarifs pr\u00e9vus sont les suivants (avec des r\u00e9ductions pour les adh\u00e9sions multiples dans la m\u00eame famille):<\/p>\n\n\n\n<ul><li><strong>Cours enfants<\/strong>:\u202f80\u20ac pour l\u2019ann\u00e9e<\/li><li><strong>Cours adultes<\/strong>: 120\u20ac pour l\u2019ann\u00e9e<\/li><li><strong>Cours adultes tarif r\u00e9duit<\/strong>: 100\u20ac pour l\u2019ann\u00e9e<ul><li>Pour les mineurs, \u00e9tudiants, et demandeurs d\u2019emplois<\/li><\/ul><\/li><\/ul>\n\n\n\n<p>L\u2019adh\u00e9sion comporte une assurance, une licence aupr\u00e8s de la f\u00e9d\u00e9ration multi-sports <a rel=\"noreferrer noopener\" href=\"https:\/\/www.ufolep.org\/\" target=\"_blank\">UFOLEP<\/a>, et donne libre acc\u00e8s aux cours de St Pierre et Combourg.<\/p>\n\n\n\n<p>Vous pourrez nous rencontrer aux forums des associations de St Pierre et Combourg le samedi 3 septembre 2022, ou remplir directement la <a href=\"https:\/\/spc-fundamentalaikido.fr\/?page_id=165\" data-type=\"page\" data-id=\"165\">fiche d\u2019inscription<\/a>.<\/p>\n\n\n\n<p>Nous vous souhaitons un bel \u00e9t\u00e9! \u00c0 tr\u00e8s vite sur les tatamis!<\/p>\n\n\n\n<figure class=\"wp-block-pullquote\"><blockquote><p><strong>\u3069\u3046\u3082\u3042\u308a\u304c\u3068\u3046\u3054\u3056\u3044<strong>\u307e\u3057\u305f<\/strong>\u3002<\/strong><\/p><cite>D\u014dmo arigat\u014d gozaimashita (Merci beaucoup!)<\/cite><\/blockquote><\/figure>\n","protected":false},"excerpt":{"rendered":"<p>Dates, horaires, et tarifs<\/p>\n","protected":false},"author":3,"featured_media":33,"comment_status":"closed","ping_status":"closed","sticky":false,"template":"","format":"standard","meta":{"_EventAllDay":false,"_EventTimezone":"","_EventStartDate":"","_EventEndDate":"","_EventStartDateUTC":"","_EventEndDateUTC":"","_EventShowMap":false,"_EventShowMapLink":false,"_EventURL":"","_EventCost":"","_EventCostDescription":"","_EventCurrencySymbol":"","_EventCurrencyPosition":"","_EventDateTimeSeparator":"","_EventTimeRangeSeparator":"","_EventOrganizerID":[],"_EventVenueID":0,"_OrganizerEmail":"","_OrganizerPhone":"","_OrganizerWebsite":"","_VenueAddress":"","_VenueCity":"","_VenueCountry":"","_VenueProvince":"","_VenueZip":"","_VenuePhone":"","_VenueURL":"","_VenueStateProvince":"","_VenueLat":"","_VenueLng":""},"categories":[6],"tags":[16],"_links":{"self":[{"href":"https:\/\/spc-fundamentalaikido.fr\/index.php?rest_route=\/wp\/v2\/posts\/275"}],"collection":[{"href":"https:\/\/spc-fundamentalaikido.fr\/index.php?rest_route=\/wp\/v2\/posts"}],"about":[{"href":"https:\/\/spc-fundamentalaikido.fr\/index.php?rest_route=\/wp\/v2\/types\/post"}],"author":[{"embeddable":true,"href":"https:\/\/spc-fundamentalaikido.fr\/index.php?rest_route=\/wp\/v2\/users\/3"}],"replies":[{"embeddable":true,"href":"https:\/\/spc-fundamentalaikido.fr\/index.php?rest_route=%2Fwp%2Fv2%2Fcomments&post=275"}],"version-history":[{"count":7,"href":"https:\/\/spc-fundamentalaikido.fr\/index.php?rest_route=\/wp\/v2\/posts\/275\/revisions"}],"predecessor-version":[{"id":321,"href":"https:\/\/spc-fundamentalaikido.fr\/index.php?rest_route=\/wp\/v2\/posts\/275\/revisions\/321"}],"wp:featuredmedia":[{"embeddable":true,"href":"https:\/\/spc-fundamentalaikido.fr\/index.php?rest_route=\/wp\/v2\/media\/33"}],"wp:attachment":[{"href":"https:\/\/spc-fundamentalaikido.fr\/index.php?rest_route=%2Fwp%2Fv2%2Fmedia&parent=275"}],"wp:term":[{"taxonomy":"category","embeddable":true,"href":"https:\/\/spc-fundamentalaikido.fr\/index.php?rest_route=%2Fwp%2Fv2%2Fcategories&post=275"},{"taxonomy":"post_tag","embeddable":true,"href":"https:\/\/spc-fundamentalaikido.fr\/index.php?rest_route=%2Fwp%2Fv2%2Ftags&post=275"}],"curies":[{"name":"wp","href":"https:\/\/api.w.org\/{rel}","templated":true}]}}