{"id":562,"date":"2024-08-18T14:35:52","date_gmt":"2024-08-18T12:35:52","guid":{"rendered":"http:\/\/spc-fundamentalaikido.fr\/?p=562"},"modified":"2025-07-04T08:52:49","modified_gmt":"2025-07-04T06:52:49","slug":"saison-2024-2025","status":"publish","type":"post","link":"https:\/\/spc-fundamentalaikido.fr\/?p=562","title":{"rendered":"Saison 2024\/2025"},"content":{"rendered":"\n<p>La saison 2023\/2024 s\u2019est termin\u00e9e en beaut\u00e9 avec de nombreux nouveaux grades pass\u00e9s avec succ\u00e8s et un nouveau grade de <em>shodan<\/em> (ceinture noire)! Bravo et merci \u00e0 tous nos adh\u00e9rents!<\/p>\n\n\n\n<p>Vous pouvez nous rencontrer aux forums des associations de St Pierre de Plesguen le samedi 31 ao\u00fbt, et de Combourg le samedi 7 septembre 2024. Vous pouvez aussi remplir directement la <a href=\"https:\/\/spc-fundamentalaikido.fr\/?page_id=165\">fiche d\u2019inscription<\/a> depuis notre site.<\/p>\n\n\n\n<p>Les cours reprennent mardi 3 septembre 2024 \u00e0 la salle multi-sports Camille Bert de <a rel=\"noreferrer noopener\" href=\"https:\/\/goo.gl\/maps\/kVp5LxKBpr62ANoi7\" target=\"_blank\">Saint-Pierre-de-Plesguen<\/a> et vendredi 6 septembre \u00e0 l\u2019espace sportif communal du Ch\u00e2tel \u00e0 <a rel=\"noreferrer noopener\" href=\"https:\/\/goo.gl\/maps\/GtmH8G3KMGKHsWi97\" target=\"_blank\">Combourg<\/a>. Les horaires sont les suivants (hors des vacances scolaires):<\/p>\n\n\n\n<p><strong>Cours enfants<\/strong> (\u00e0 partir de 7-8 ans):<\/p>\n\n\n\n<ul><li>Saint-Pierre-de-Plesguen: le mardi de 18h15 \u00e0 19h15<\/li><li>Combourg: le vendredi de 18h15 \u00e0 19h30<\/li><\/ul>\n\n\n\n<p><strong>Cours adultes<\/strong> (\u00e0 partir de 14 ans ou du grade de 5\u00e8me kyu):<\/p>\n\n\n\n<ul><li>Saint-Pierre-de-Plesguen: le mardi de 19h30 \u00e0 21h15 (\u00e9chauffement libre \u00e0 partir de 19h15)<\/li><li>Combourg: le vendredi de 19h45 \u00e0 21h30 (\u00e9chauffement libre \u00e0 partir de 19h30). Cours avanc\u00e9 de 21h30 \u00e0 22h00.<\/li><\/ul>\n\n\n\n<p>N\u2019h\u00e9sitez pas \u00e0 venir participer \u00e0 <strong>2 cours d\u2019essai<\/strong>: il suffit de pr\u00e9voir un t-shirt, un pantalon de jogging, et id\u00e9alement une paire de sandales ou de tongs pour aller des vestiaires au tapis. Le d\u00e9roulement des cours est d\u00e9crit sur <a href=\"https:\/\/spc-fundamentalaikido.fr\/?page_id=357\" data-type=\"page\" data-id=\"357\">cette page du site<\/a>.<\/p>\n\n\n\n<p>Les tarifs pr\u00e9vus sont les suivants (avec des r\u00e9ductions pour les adh\u00e9sions multiples dans la m\u00eame famille et les parrainages):<\/p>\n\n\n\n<ul><li><strong>Cours enfants<\/strong>:\u202f80\u20ac pour l\u2019ann\u00e9e<\/li><li><strong>Cours adultes<\/strong>: 120\u20ac pour l\u2019ann\u00e9e<ul><li><strong>Tarif r\u00e9duit<\/strong>: 100\u20ac pour les mineurs, \u00e9tudiants, et demandeurs d\u2019emplois<\/li><\/ul><\/li><\/ul>\n\n\n\n<p>Il est possible de payer en ligne avec <a href=\"https:\/\/www.helloasso.com\/associations\/spc-fundamental-aikido\/adhesions\/adhesion-2024-2025\" target=\"_blank\" rel=\"noreferrer noopener\">HelloAsso<\/a>.<\/p>\n\n\n\n<p>L\u2019adh\u00e9sion comporte une assurance, une licence aupr\u00e8s de la f\u00e9d\u00e9ration multi-sports <a rel=\"noreferrer noopener\" href=\"https:\/\/www.ufolep.org\/\" target=\"_blank\">UFOLEP<\/a>, et donne libre acc\u00e8s aux cours de St Pierre et Combourg. Le club peut \u00e9galement participer \u00e0 des frais de stages, ou participer aux frais de d\u00e9placement pour les stages.<\/p>\n\n\n\n<p>\u00c0 tr\u00e8s vite sur les tatamis!<\/p>\n","protected":false},"excerpt":{"rendered":"<p>La saison 2023\/2024 s\u2019est termin\u00e9e en beaut\u00e9 avec de nombreux nouveaux grades pass\u00e9s avec succ\u00e8s et un nouveau grade de shodan (ceinture noire)! Bravo et merci \u00e0 tous nos adh\u00e9rents!&hellip;<\/p>\n","protected":false},"author":3,"featured_media":33,"comment_status":"closed","ping_status":"closed","sticky":false,"template":"","format":"standard","meta":{"_EventAllDay":false,"_EventTimezone":"","_EventStartDate":"","_EventEndDate":"","_EventStartDateUTC":"","_EventEndDateUTC":"","_EventShowMap":false,"_EventShowMapLink":false,"_EventURL":"","_EventCost":"","_EventCostDescription":"","_EventCurrencySymbol":"","_EventCurrencyPosition":"","_EventDateTimeSeparator":"","_EventTimeRangeSeparator":"","_EventOrganizerID":[],"_EventVenueID":0,"_OrganizerEmail":"","_OrganizerPhone":"","_OrganizerWebsite":"","_VenueAddress":"","_VenueCity":"","_VenueCountry":"","_VenueProvince":"","_VenueZip":"","_VenuePhone":"","_VenueURL":"","_VenueStateProvince":"","_VenueLat":"","_VenueLng":""},"categories":[6],"tags":[],"_links":{"self":[{"href":"https:\/\/spc-fundamentalaikido.fr\/index.php?rest_route=\/wp\/v2\/posts\/562"}],"collection":[{"href":"https:\/\/spc-fundamentalaikido.fr\/index.php?rest_route=\/wp\/v2\/posts"}],"about":[{"href":"https:\/\/spc-fundamentalaikido.fr\/index.php?rest_route=\/wp\/v2\/types\/post"}],"author":[{"embeddable":true,"href":"https:\/\/spc-fundamentalaikido.fr\/index.php?rest_route=\/wp\/v2\/users\/3"}],"replies":[{"embeddable":true,"href":"https:\/\/spc-fundamentalaikido.fr\/index.php?rest_route=%2Fwp%2Fv2%2Fcomments&post=562"}],"version-history":[{"count":4,"href":"https:\/\/spc-fundamentalaikido.fr\/index.php?rest_route=\/wp\/v2\/posts\/562\/revisions"}],"predecessor-version":[{"id":617,"href":"https:\/\/spc-fundamentalaikido.fr\/index.php?rest_route=\/wp\/v2\/posts\/562\/revisions\/617"}],"wp:featuredmedia":[{"embeddable":true,"href":"https:\/\/spc-fundamentalaikido.fr\/index.php?rest_route=\/wp\/v2\/media\/33"}],"wp:attachment":[{"href":"https:\/\/spc-fundamentalaikido.fr\/index.php?rest_route=%2Fwp%2Fv2%2Fmedia&parent=562"}],"wp:term":[{"taxonomy":"category","embeddable":true,"href":"https:\/\/spc-fundamentalaikido.fr\/index.php?rest_route=%2Fwp%2Fv2%2Fcategories&post=562"},{"taxonomy":"post_tag","embeddable":true,"href":"https:\/\/spc-fundamentalaikido.fr\/index.php?rest_route=%2Fwp%2Fv2%2Ftags&post=562"}],"curies":[{"name":"wp","href":"https:\/\/api.w.org\/{rel}","templated":true}]}}