{"id":956,"date":"2025-07-04T08:51:03","date_gmt":"2025-07-04T06:51:03","guid":{"rendered":"http:\/\/spc-fundamentalaikido.fr\/?p=956"},"modified":"2025-07-04T08:53:50","modified_gmt":"2025-07-04T06:53:50","slug":"saison-2025-2026","status":"publish","type":"post","link":"https:\/\/spc-fundamentalaikido.fr\/?p=956","title":{"rendered":"Saison 2025\/2026"},"content":{"rendered":"\n<p>La saison 2024\/2025 est finie! Merci \u00e0 nos adh\u00e9rents pour leur participation et f\u00e9licitations \u00e0 tous les nouveaux grad\u00e9s!<\/p>\n\n\n\n<p>Les dojos sont ferm\u00e9s. Vous pourrez nous rencontrer <strong>aux forums des associations<\/strong> de Combourg le samedi 6 septembre 2025 et de St Pierre de Plesguen le samedi 13 septembre.<\/p>\n\n\n\n<p>N\u2019h\u00e9sitez pas \u00e0 venir participer \u00e0 <strong>des cours d\u2019essai en septembre<\/strong>: il suffit de pr\u00e9voir un t-shirt, un pantalon de jogging, une gourde et id\u00e9alement une paire de sandales ou de tongs pour aller des vestiaires au tapis. Le d\u00e9roulement des cours est d\u00e9crit sur <a href=\"https:\/\/spc-fundamentalaikido.fr\/?page_id=357\">cette page du site<\/a>.<\/p>\n\n\n\n<h3>Reprises des cours et horaires<\/h3>\n\n\n\n<p><strong>Les cours reprennent mardi 9 septembre 2025<\/strong> \u00e0 la salle multi-sports Camille Bert de <a rel=\"noreferrer noopener\" href=\"https:\/\/goo.gl\/maps\/kVp5LxKBpr62ANoi7\" target=\"_blank\">Saint-Pierre-de-Plesguen<\/a> et vendredi 12 septembre \u00e0 l\u2019espace sportif communal du Ch\u00e2tel \u00e0 <a rel=\"noreferrer noopener\" href=\"https:\/\/goo.gl\/maps\/GtmH8G3KMGKHsWi97\" target=\"_blank\">Combourg<\/a>. Les horaires sont les suivants (hors des vacances scolaires):<\/p>\n\n\n\n<p><strong>Cours enfants<\/strong> (\u00e0 partir de 8 ans):<\/p>\n\n\n\n<ul><li>Saint-Pierre-de-Plesguen: le mardi de 18h15 \u00e0 19h15<\/li><li>Combourg: le vendredi de 18h15 \u00e0 19h30<\/li><\/ul>\n\n\n\n<p><strong>Cours adultes<\/strong> (\u00e0 partir de 14 ans ou du grade de 5\u00e8me kyu):<\/p>\n\n\n\n<ul><li>Saint-Pierre-de-Plesguen: le mardi de 19h30 \u00e0 21h15 (\u00e9chauffement libre \u00e0 partir de 19h15)<\/li><li>Combourg: le vendredi de 19h45 \u00e0 21h30 (\u00e9chauffement libre \u00e0 partir de 19h30). Cours avanc\u00e9 de 21h30 \u00e0 22h00.<\/li><\/ul>\n\n\n\n<h3>Inscriptions<\/h3>\n\n\n\n<p>Pour les inscriptions, il suffit de suivre les indications de la page <a href=\"https:\/\/spc-fundamentalaikido.fr\/?page_id=165\" data-type=\"page\" data-id=\"165\">inscriptions<\/a>:<\/p>\n\n\n\n<ul><li>Utiliser le questionnaire sant\u00e9 pour v\u00e9rifier la n\u00e9cessit\u00e9 d\u2019un rendez-vous m\u00e9dical&nbsp;;<\/li><li>Au mois de septembre, pendant un cours, nous donner le r\u00e8glement (ou de payer en ligne avec <a href=\"https:\/\/www.helloasso.com\/associations\/spc-fundamental-aikido\/adhesions\/adhesion-2025-2026\" target=\"_blank\" rel=\"noreferrer noopener\">HelloAsso<\/a>) et la fiche d\u2019inscription du club (et la fiche d\u2019adh\u00e9sion \u00e0 la f\u00e9d\u00e9ration UFOLEP pour les cours adulte).<\/li><\/ul>\n\n\n\n<h3>Tarifs<\/h3>\n\n\n\n<p>Compte-tenu des modifications \u00e0 la baisse des aides de l\u2019\u00e9tat (Pass\u2019Sport), <strong>nous avons d\u00e9cid\u00e9 de baisser les tarifs pour tous nos adh\u00e9rents<\/strong> :<\/p>\n\n\n\n<ul><li><strong>Cours enfants<\/strong>:\u202f60\u20ac pour l\u2019ann\u00e9e<\/li><li><strong>Cours adultes<\/strong>: 110\u20ac pour l\u2019ann\u00e9e<ul><li><strong>Tarif r\u00e9duit<\/strong>: 80\u20ac pour les mineurs, \u00e9tudiants, et demandeurs d\u2019emplois<\/li><\/ul><\/li><\/ul>\n\n\n\n<p>Nous appliquons des r\u00e9ductions pour les adh\u00e9sions multiples dans la m\u00eame famille et les parrainages.<\/p>\n\n\n\n<p>L\u2019adh\u00e9sion comporte une assurance et donne libre acc\u00e8s aux cours de St Pierre et Combourg. Le club peut \u00e9galement participer \u00e0 des frais de stages, ou participer aux frais de d\u00e9placement pour les stages.<\/p>\n\n\n\n<p>\u00c0 tr\u00e8s vite sur les tatamis!<\/p>\n","protected":false},"excerpt":{"rendered":"<p>Saison 2025\/2026: dates, horaires, inscriptions, tarifs&#8230;<\/p>\n","protected":false},"author":3,"featured_media":965,"comment_status":"open","ping_status":"closed","sticky":true,"template":"","format":"standard","meta":{"_EventAllDay":false,"_EventTimezone":"","_EventStartDate":"","_EventEndDate":"","_EventStartDateUTC":"","_EventEndDateUTC":"","_EventShowMap":false,"_EventShowMapLink":false,"_EventURL":"","_EventCost":"","_EventCostDescription":"","_EventCurrencySymbol":"","_EventCurrencyPosition":"","_EventDateTimeSeparator":"","_EventTimeRangeSeparator":"","_EventOrganizerID":[],"_EventVenueID":0,"_OrganizerEmail":"","_OrganizerPhone":"","_OrganizerWebsite":"","_VenueAddress":"","_VenueCity":"","_VenueCountry":"","_VenueProvince":"","_VenueZip":"","_VenuePhone":"","_VenueURL":"","_VenueStateProvince":"","_VenueLat":"","_VenueLng":""},"categories":[6],"tags":[],"_links":{"self":[{"href":"https:\/\/spc-fundamentalaikido.fr\/index.php?rest_route=\/wp\/v2\/posts\/956"}],"collection":[{"href":"https:\/\/spc-fundamentalaikido.fr\/index.php?rest_route=\/wp\/v2\/posts"}],"about":[{"href":"https:\/\/spc-fundamentalaikido.fr\/index.php?rest_route=\/wp\/v2\/types\/post"}],"author":[{"embeddable":true,"href":"https:\/\/spc-fundamentalaikido.fr\/index.php?rest_route=\/wp\/v2\/users\/3"}],"replies":[{"embeddable":true,"href":"https:\/\/spc-fundamentalaikido.fr\/index.php?rest_route=%2Fwp%2Fv2%2Fcomments&post=956"}],"version-history":[{"count":7,"href":"https:\/\/spc-fundamentalaikido.fr\/index.php?rest_route=\/wp\/v2\/posts\/956\/revisions"}],"predecessor-version":[{"id":967,"href":"https:\/\/spc-fundamentalaikido.fr\/index.php?rest_route=\/wp\/v2\/posts\/956\/revisions\/967"}],"wp:featuredmedia":[{"embeddable":true,"href":"https:\/\/spc-fundamentalaikido.fr\/index.php?rest_route=\/wp\/v2\/media\/965"}],"wp:attachment":[{"href":"https:\/\/spc-fundamentalaikido.fr\/index.php?rest_route=%2Fwp%2Fv2%2Fmedia&parent=956"}],"wp:term":[{"taxonomy":"category","embeddable":true,"href":"https:\/\/spc-fundamentalaikido.fr\/index.php?rest_route=%2Fwp%2Fv2%2Fcategories&post=956"},{"taxonomy":"post_tag","embeddable":true,"href":"https:\/\/spc-fundamentalaikido.fr\/index.php?rest_route=%2Fwp%2Fv2%2Ftags&post=956"}],"curies":[{"name":"wp","href":"https:\/\/api.w.org\/{rel}","templated":true}]}}